		
		{"items":"\t\t\t<link rel=\"stylesheet\" id=\"wd-photoswipe-css\" href=\"https:\/\/caveplus.es\/wp-content\/themes\/woodmart\/css\/parts\/lib-photoswipe.min.css?ver=8.0.0\" type=\"text\/css\" media=\"all\" \/> \t\t\t\t\t\t<link rel=\"stylesheet\" id=\"wd-project-alt-css\" href=\"https:\/\/caveplus.es\/wp-content\/themes\/woodmart\/css\/parts\/project-alt.min.css?ver=8.0.0\" type=\"text\/css\" media=\"all\" \/> \t\t\t\n\t\t\n\t\t\n\t\t\t\t\t\t\t\t\n<article id=\"post-7985\" class=\"wd-project portfolio-entry wd-col masonry-item portfolio-hover-inverse proj-cat-bodegas-climatizadas proj-cat-camaras-de-carne post-7985 portfolio type-portfolio status-publish has-post-thumbnail hentry project-cat-bodegas-climatizadas project-cat-camaras-de-carne\">\n\t<header class=\"entry-header\">\n\t\t\t\t\t<figure class=\"entry-thumbnail color-scheme-light\">\n\t\t\t\t<a href=\"https:\/\/caveplus.es\/portfolio\/camara-de-conservacion-de-carne-para-restaurante-finca-la-desa-en-caceres\/\" class=\"portfolio-thumbnail\">\n\t\t\t\t\t<img width=\"800\" height=\"800\" src=\"data:image\/jpg;base64,\/9j\/4AAQSkZJRgABAQEAYABgAAD\/\/gA7Q1JFQVRPUjogZ2QtanBlZyB2MS4wICh1c2luZyBJSkcgSlBFRyB2NjIpLCBxdWFsaXR5ID0gODIK\/9sAQwAGBAQFBAQGBQUFBgYGBwkOCQkICAkSDQ0KDhUSFhYVEhQUFxohHBcYHxkUFB0nHR8iIyUlJRYcKSwoJCshJCUk\/9sAQwEGBgYJCAkRCQkRJBgUGCQkJCQkJCQkJCQkJCQkJCQkJCQkJCQkJCQkJCQkJCQkJCQkJCQkJCQkJCQkJCQkJCQk\/8AAEQgACgAKAwEiAAIRAQMRAf\/EAB8AAAEFAQEBAQEBAAAAAAAAAAABAgMEBQYHCAkKC\/\/EALUQAAIBAwMCBAMFBQQEAAABfQECAwAEEQUSITFBBhNRYQcicRQygZGhCCNCscEVUtHwJDNicoIJChYXGBkaJSYnKCkqNDU2Nzg5OkNERUZHSElKU1RVVldYWVpjZGVmZ2hpanN0dXZ3eHl6g4SFhoeIiYqSk5SVlpeYmZqio6Slpqeoqaqys7S1tre4ubrCw8TFxsfIycrS09TV1tfY2drh4uPk5ebn6Onq8fLz9PX29\/j5+v\/EAB8BAAMBAQEBAQEBAQEAAAAAAAABAgMEBQYHCAkKC\/\/EALURAAIBAgQEAwQHBQQEAAECdwABAgMRBAUhMQYSQVEHYXETIjKBCBRCkaGxwQkjM1LwFWJy0QoWJDThJfEXGBkaJicoKSo1Njc4OTpDREVGR0hJSlNUVVZXWFlaY2RlZmdoaWpzdHV2d3h5eoKDhIWGh4iJipKTlJWWl5iZmqKjpKWmp6ipqrKztLW2t7i5usLDxMXGx8jJytLT1NXW19jZ2uLj5OXm5+jp6vLz9PX29\/j5+v\/aAAwDAQACEQMRAD8A89R5bmCFUj82WWyuURTzn5U7d+M4xUV1pirczBNLkKh2AIh4Iz9K901RRZ2FutsBAFcACP5cce1PaR9x+duvrXBTqunGy8\/zPb5k48tj\/9k=\" class=\"attachment-800x800 size-800x800 wd-lazy-load wd-lazy-fade\" alt=\"Espacio climatizado a medida en Restaurante Finca La Desa en Ca\u0301ceres 3\" decoding=\"async\" fetchpriority=\"high\" srcset=\"\" sizes=\"(max-width: 800px) 100vw, 800px\" data-wood-src=\"https:\/\/caveplus.es\/wp-content\/uploads\/2025\/05\/Espacio-climatizado-a-medida-en-Restaurante-Finca-La-Desa-en-Caceres-3-800x800.jpg\" data-srcset=\"https:\/\/caveplus.es\/wp-content\/uploads\/2025\/05\/Espacio-climatizado-a-medida-en-Restaurante-Finca-La-Desa-en-Caceres-3-800x800.jpg 800w, https:\/\/caveplus.es\/wp-content\/uploads\/2025\/05\/Espacio-climatizado-a-medida-en-Restaurante-Finca-La-Desa-en-Caceres-3-150x150.jpg 150w, https:\/\/caveplus.es\/wp-content\/uploads\/2025\/05\/Espacio-climatizado-a-medida-en-Restaurante-Finca-La-Desa-en-Caceres-3-600x600.jpg 600w, https:\/\/caveplus.es\/wp-content\/uploads\/2025\/05\/Espacio-climatizado-a-medida-en-Restaurante-Finca-La-Desa-en-Caceres-3-700x700.jpg 700w, https:\/\/caveplus.es\/wp-content\/uploads\/2025\/05\/Espacio-climatizado-a-medida-en-Restaurante-Finca-La-Desa-en-Caceres-3-500x500.jpg 500w\" \/>\t\t\t\t<\/a>\n\t\t\t\t<div class=\"wd-portfolio-btns\">\n\t\t\t\t\t<div class=\"portfolio-enlarge wd-action-btn wd-style-icon wd-enlarge-icon\">\n\t\t\t\t\t\t<a href=\"https:\/\/caveplus.es\/wp-content\/uploads\/2025\/05\/Espacio-climatizado-a-medida-en-Restaurante-Finca-La-Desa-en-Caceres-3.jpg\" data-elementor-open-lightbox=\"no\">Ver en grande<\/a>\n\t\t\t\t\t<\/div>\n\t\t\t\t\t\t\t\t\t\t\t<div class=\"social-icons-wrapper wd-action-btn wd-style-icon wd-share-icon wd-tltp\">\n\t\t\t\t\t\t\t<a><\/a>\n\t\t\t\t\t\t\t<div class=\"tooltip left\">\n\t\t\t\t\t\t\t\t<div class=\"tooltip-arrow\"><\/div>\n\t\t\t\t\t\t\t\t<div class=\"tooltip-inner\">\n\t\t\t\t\t\t\t\t\t\t\t\t<link rel=\"stylesheet\" id=\"wd-social-icons-css\" href=\"https:\/\/caveplus.es\/wp-content\/themes\/woodmart\/css\/parts\/el-social-icons.min.css?ver=8.0.0\" type=\"text\/css\" media=\"all\" \/> \t\t\t\t\t\t<div id=\"\" class=\" wd-social-icons  wd-style-default wd-size-small social-share wd-shape-circle color-scheme-light text-center\">\n\t\t\t\t\n\t\t\t\t\n\t\t\t\t\t\t\t\t\t<a rel=\"noopener noreferrer nofollow\" href=\"https:\/\/www.facebook.com\/sharer\/sharer.php?u=https:\/\/caveplus.es\/portfolio\/camara-de-conservacion-de-carne-para-restaurante-finca-la-desa-en-caceres\/\" target=\"_blank\" class=\" wd-social-icon social-facebook\" aria-label=\"Enlace social Facebook\">\n\t\t\t\t\t\t<span class=\"wd-icon\"><\/span>\n\t\t\t\t\t\t\t\t\t\t\t<\/a>\n\t\t\t\t\n\t\t\t\t\n\t\t\t\t\t\t\t\t\t<a rel=\"noopener noreferrer nofollow\" href=\"mailto:?subject=Comprobar%20este%20https:\/\/caveplus.es\/portfolio\/camara-de-conservacion-de-carne-para-restaurante-finca-la-desa-en-caceres\/\" target=\"_blank\" class=\" wd-social-icon social-email\" aria-label=\"Enlace social Email\">\n\t\t\t\t\t\t<span class=\"wd-icon\"><\/span>\n\t\t\t\t\t\t\t\t\t\t\t<\/a>\n\t\t\t\t\n\t\t\t\t\n\t\t\t\t\n\t\t\t\t\n\t\t\t\t\n\t\t\t\t\t\t\t\t\t<a rel=\"noopener noreferrer nofollow\" href=\"https:\/\/www.linkedin.com\/shareArticle?mini=true&url=https:\/\/caveplus.es\/portfolio\/camara-de-conservacion-de-carne-para-restaurante-finca-la-desa-en-caceres\/\" target=\"_blank\" class=\" wd-social-icon social-linkedin\" aria-label=\"Enlace social Linkedin\">\n\t\t\t\t\t\t<span class=\"wd-icon\"><\/span>\n\t\t\t\t\t\t\t\t\t\t\t<\/a>\n\t\t\t\t\n\t\t\t\t\n\t\t\t\t\n\t\t\t\t\n\t\t\t\t\n\t\t\t\t\n\t\t\t\t\n\t\t\t\t\n\t\t\t\t\n\t\t\t\t\n\t\t\t\t\t\t\t\t\t<a rel=\"noopener noreferrer nofollow\" href=\"https:\/\/api.whatsapp.com\/send?text=https%3A%2F%2Fcaveplus.es%2Fportfolio%2Fcamara-de-conservacion-de-carne-para-restaurante-finca-la-desa-en-caceres%2F\" target=\"_blank\" class=\"wd-hide-md  wd-social-icon social-whatsapp\" aria-label=\"Enlace social WhatsApp\">\n\t\t\t\t\t\t<span class=\"wd-icon\"><\/span>\n\t\t\t\t\t\t\t\t\t\t\t<\/a>\n\n\t\t\t\t\t<a rel=\"noopener noreferrer nofollow\" href=\"whatsapp:\/\/send?text=https%3A%2F%2Fcaveplus.es%2Fportfolio%2Fcamara-de-conservacion-de-carne-para-restaurante-finca-la-desa-en-caceres%2F\" target=\"_blank\" class=\"wd-hide-lg  wd-social-icon social-whatsapp\" aria-label=\"Enlace social WhatsApp\">\n\t\t\t\t\t\t<span class=\"wd-icon\"><\/span>\n\t\t\t\t\t\t\t\t\t\t\t<\/a>\n\t\t\t\t\n\t\t\t\t\n\t\t\t\t\n\t\t\t\t\n\t\t\t\t\n\t\t\t\t\n\t\t\t\t\t\t\t\t\t<a rel=\"noopener noreferrer nofollow\" href=\"https:\/\/telegram.me\/share\/url?url=https:\/\/caveplus.es\/portfolio\/camara-de-conservacion-de-carne-para-restaurante-finca-la-desa-en-caceres\/\" target=\"_blank\" class=\" wd-social-icon social-tg\" aria-label=\"Enlace social Telegram\">\n\t\t\t\t\t\t<span class=\"wd-icon\"><\/span>\n\t\t\t\t\t\t\t\t\t\t\t<\/a>\n\t\t\t\t\n\t\t\t\t\n\t\t\t<\/div>\n\n\t\t\t\t\t\t\t\t\t\t<\/div>\n\t\t\t\t\t\t\t<\/div>\n\t\t\t\t\t\t<\/div>\n\t\t\t\t\t\t\t\t\t<\/div>\n\t\t\t<\/figure>\n\t\t\n\t\t<div class=\"portfolio-info color-scheme-light\">\n\t\t\t\t\t\t\t<div class=\"wrap-meta\">\n\t\t\t\t\t<ul class=\"proj-cats-list\">\n\t\t\t\t\t\t\t\t\t\t\t\t\t\t\t\t\t\t\t\t<li>Bodegas climatizadas<\/li>\n\t\t\t\t\t\t\t\t\t\t\t\t\t\t\t\t\t\t\t\t<li>C\u00e1maras de carne<\/li>\n\t\t\t\t\t\t\t\t\t\t\t<\/ul>\n\t\t\t\t<\/div>\n\t\t\t\n\t\t\t<div class=\"wrap-title\">\n\t\t\t\t<h3 class=\"wd-entities-title\">\n\t\t\t\t\t<a href=\"https:\/\/caveplus.es\/portfolio\/camara-de-conservacion-de-carne-para-restaurante-finca-la-desa-en-caceres\/\" rel=\"bookmark\">C\u00e1mara de conservaci\u00f3n de carne para Restaurante Finca La Desa en C\u00e1ceres<\/a>\n\t\t\t\t<\/h3>\n\t\t\t<\/div>\n\t\t<\/div>\n\t<\/header>\n<\/article>\n\t\t\t\t\t\t\t\t\n<article id=\"post-7984\" class=\"wd-project portfolio-entry wd-col masonry-item portfolio-hover-inverse proj-cat-bodegas-climatizadas proj-cat-camaras-de-carne post-7984 portfolio type-portfolio status-publish has-post-thumbnail hentry project-cat-bodegas-climatizadas project-cat-camaras-de-carne\">\n\t<header class=\"entry-header\">\n\t\t\t\t\t<figure class=\"entry-thumbnail color-scheme-light\">\n\t\t\t\t<a href=\"https:\/\/caveplus.es\/portfolio\/camara-de-maduracion-a-medida-para-restaurante-taberna-yberiko-en-palencia\/\" class=\"portfolio-thumbnail\">\n\t\t\t\t\t<img width=\"800\" height=\"800\" src=\"data:image\/jpg;base64,\/9j\/4AAQSkZJRgABAQEAYABgAAD\/\/gA7Q1JFQVRPUjogZ2QtanBlZyB2MS4wICh1c2luZyBJSkcgSlBFRyB2NjIpLCBxdWFsaXR5ID0gODIK\/9sAQwAGBAQFBAQGBQUFBgYGBwkOCQkICAkSDQ0KDhUSFhYVEhQUFxohHBcYHxkUFB0nHR8iIyUlJRYcKSwoJCshJCUk\/9sAQwEGBgYJCAkRCQkRJBgUGCQkJCQkJCQkJCQkJCQkJCQkJCQkJCQkJCQkJCQkJCQkJCQkJCQkJCQkJCQkJCQkJCQk\/8AAEQgACgAKAwEiAAIRAQMRAf\/EAB8AAAEFAQEBAQEBAAAAAAAAAAABAgMEBQYHCAkKC\/\/EALUQAAIBAwMCBAMFBQQEAAABfQECAwAEEQUSITFBBhNRYQcicRQygZGhCCNCscEVUtHwJDNicoIJChYXGBkaJSYnKCkqNDU2Nzg5OkNERUZHSElKU1RVVldYWVpjZGVmZ2hpanN0dXZ3eHl6g4SFhoeIiYqSk5SVlpeYmZqio6Slpqeoqaqys7S1tre4ubrCw8TFxsfIycrS09TV1tfY2drh4uPk5ebn6Onq8fLz9PX29\/j5+v\/EAB8BAAMBAQEBAQEBAQEAAAAAAAABAgMEBQYHCAkKC\/\/EALURAAIBAgQEAwQHBQQEAAECdwABAgMRBAUhMQYSQVEHYXETIjKBCBRCkaGxwQkjM1LwFWJy0QoWJDThJfEXGBkaJicoKSo1Njc4OTpDREVGR0hJSlNUVVZXWFlaY2RlZmdoaWpzdHV2d3h5eoKDhIWGh4iJipKTlJWWl5iZmqKjpKWmp6ipqrKztLW2t7i5usLDxMXGx8jJytLT1NXW19jZ2uLj5OXm5+jp6vLz9PX29\/j5+v\/aAAwDAQACEQMRAD8A4PRrextfs0lhe6vaTLGkjJb3QAAJ2kBdp6c1sf8ACR3sfyf2uRt4w9w4b8QGAz9AKwfBLs+rC2ZiYGtJWaIn5SeOSOnc\/nW3d3M63cyrNKAJGAAY8c14lSpaVj3FTUldaH\/\/2Q==\" class=\"attachment-800x800 size-800x800 wd-lazy-load wd-lazy-fade\" alt=\"Espacio climatizado a medida para restaurante taberna Yberiko en Palencia 6\" decoding=\"async\" srcset=\"\" sizes=\"(max-width: 800px) 100vw, 800px\" data-wood-src=\"https:\/\/caveplus.es\/wp-content\/uploads\/2025\/04\/Espacio-climatizado-a-medida-para-restaurante-taberna-Yberiko-en-Palencia-6-800x800.jpg\" data-srcset=\"https:\/\/caveplus.es\/wp-content\/uploads\/2025\/04\/Espacio-climatizado-a-medida-para-restaurante-taberna-Yberiko-en-Palencia-6-800x800.jpg 800w, https:\/\/caveplus.es\/wp-content\/uploads\/2025\/04\/Espacio-climatizado-a-medida-para-restaurante-taberna-Yberiko-en-Palencia-6-150x150.jpg 150w, https:\/\/caveplus.es\/wp-content\/uploads\/2025\/04\/Espacio-climatizado-a-medida-para-restaurante-taberna-Yberiko-en-Palencia-6-600x600.jpg 600w, https:\/\/caveplus.es\/wp-content\/uploads\/2025\/04\/Espacio-climatizado-a-medida-para-restaurante-taberna-Yberiko-en-Palencia-6-500x500.jpg 500w, https:\/\/caveplus.es\/wp-content\/uploads\/2025\/04\/Espacio-climatizado-a-medida-para-restaurante-taberna-Yberiko-en-Palencia-6-700x700.jpg 700w\" \/>\t\t\t\t<\/a>\n\t\t\t\t<div class=\"wd-portfolio-btns\">\n\t\t\t\t\t<div class=\"portfolio-enlarge wd-action-btn wd-style-icon wd-enlarge-icon\">\n\t\t\t\t\t\t<a href=\"https:\/\/caveplus.es\/wp-content\/uploads\/2025\/04\/Espacio-climatizado-a-medida-para-restaurante-taberna-Yberiko-en-Palencia-6.jpg\" data-elementor-open-lightbox=\"no\">Ver en grande<\/a>\n\t\t\t\t\t<\/div>\n\t\t\t\t\t\t\t\t\t\t\t<div class=\"social-icons-wrapper wd-action-btn wd-style-icon wd-share-icon wd-tltp\">\n\t\t\t\t\t\t\t<a><\/a>\n\t\t\t\t\t\t\t<div class=\"tooltip left\">\n\t\t\t\t\t\t\t\t<div class=\"tooltip-arrow\"><\/div>\n\t\t\t\t\t\t\t\t<div class=\"tooltip-inner\">\n\t\t\t\t\t\t\t\t\t\t\t\t<div id=\"\" class=\" wd-social-icons  wd-style-default wd-size-small social-share wd-shape-circle color-scheme-light text-center\">\n\t\t\t\t\n\t\t\t\t\n\t\t\t\t\t\t\t\t\t<a rel=\"noopener noreferrer nofollow\" href=\"https:\/\/www.facebook.com\/sharer\/sharer.php?u=https:\/\/caveplus.es\/portfolio\/camara-de-maduracion-a-medida-para-restaurante-taberna-yberiko-en-palencia\/\" target=\"_blank\" class=\" wd-social-icon social-facebook\" aria-label=\"Enlace social Facebook\">\n\t\t\t\t\t\t<span class=\"wd-icon\"><\/span>\n\t\t\t\t\t\t\t\t\t\t\t<\/a>\n\t\t\t\t\n\t\t\t\t\n\t\t\t\t\t\t\t\t\t<a rel=\"noopener noreferrer nofollow\" href=\"mailto:?subject=Comprobar%20este%20https:\/\/caveplus.es\/portfolio\/camara-de-maduracion-a-medida-para-restaurante-taberna-yberiko-en-palencia\/\" target=\"_blank\" class=\" wd-social-icon social-email\" aria-label=\"Enlace social Email\">\n\t\t\t\t\t\t<span class=\"wd-icon\"><\/span>\n\t\t\t\t\t\t\t\t\t\t\t<\/a>\n\t\t\t\t\n\t\t\t\t\n\t\t\t\t\n\t\t\t\t\n\t\t\t\t\n\t\t\t\t\t\t\t\t\t<a rel=\"noopener noreferrer nofollow\" href=\"https:\/\/www.linkedin.com\/shareArticle?mini=true&url=https:\/\/caveplus.es\/portfolio\/camara-de-maduracion-a-medida-para-restaurante-taberna-yberiko-en-palencia\/\" target=\"_blank\" class=\" wd-social-icon social-linkedin\" aria-label=\"Enlace social Linkedin\">\n\t\t\t\t\t\t<span class=\"wd-icon\"><\/span>\n\t\t\t\t\t\t\t\t\t\t\t<\/a>\n\t\t\t\t\n\t\t\t\t\n\t\t\t\t\n\t\t\t\t\n\t\t\t\t\n\t\t\t\t\n\t\t\t\t\n\t\t\t\t\n\t\t\t\t\n\t\t\t\t\n\t\t\t\t\t\t\t\t\t<a rel=\"noopener noreferrer nofollow\" href=\"https:\/\/api.whatsapp.com\/send?text=https%3A%2F%2Fcaveplus.es%2Fportfolio%2Fcamara-de-maduracion-a-medida-para-restaurante-taberna-yberiko-en-palencia%2F\" target=\"_blank\" class=\"wd-hide-md  wd-social-icon social-whatsapp\" aria-label=\"Enlace social WhatsApp\">\n\t\t\t\t\t\t<span class=\"wd-icon\"><\/span>\n\t\t\t\t\t\t\t\t\t\t\t<\/a>\n\n\t\t\t\t\t<a rel=\"noopener noreferrer nofollow\" href=\"whatsapp:\/\/send?text=https%3A%2F%2Fcaveplus.es%2Fportfolio%2Fcamara-de-maduracion-a-medida-para-restaurante-taberna-yberiko-en-palencia%2F\" target=\"_blank\" class=\"wd-hide-lg  wd-social-icon social-whatsapp\" aria-label=\"Enlace social WhatsApp\">\n\t\t\t\t\t\t<span class=\"wd-icon\"><\/span>\n\t\t\t\t\t\t\t\t\t\t\t<\/a>\n\t\t\t\t\n\t\t\t\t\n\t\t\t\t\n\t\t\t\t\n\t\t\t\t\n\t\t\t\t\n\t\t\t\t\t\t\t\t\t<a rel=\"noopener noreferrer nofollow\" href=\"https:\/\/telegram.me\/share\/url?url=https:\/\/caveplus.es\/portfolio\/camara-de-maduracion-a-medida-para-restaurante-taberna-yberiko-en-palencia\/\" target=\"_blank\" class=\" wd-social-icon social-tg\" aria-label=\"Enlace social Telegram\">\n\t\t\t\t\t\t<span class=\"wd-icon\"><\/span>\n\t\t\t\t\t\t\t\t\t\t\t<\/a>\n\t\t\t\t\n\t\t\t\t\n\t\t\t<\/div>\n\n\t\t\t\t\t\t\t\t\t\t<\/div>\n\t\t\t\t\t\t\t<\/div>\n\t\t\t\t\t\t<\/div>\n\t\t\t\t\t\t\t\t\t<\/div>\n\t\t\t<\/figure>\n\t\t\n\t\t<div class=\"portfolio-info color-scheme-light\">\n\t\t\t\t\t\t\t<div class=\"wrap-meta\">\n\t\t\t\t\t<ul class=\"proj-cats-list\">\n\t\t\t\t\t\t\t\t\t\t\t\t\t\t\t\t\t\t\t\t<li>Bodegas climatizadas<\/li>\n\t\t\t\t\t\t\t\t\t\t\t\t\t\t\t\t\t\t\t\t<li>C\u00e1maras de carne<\/li>\n\t\t\t\t\t\t\t\t\t\t\t<\/ul>\n\t\t\t\t<\/div>\n\t\t\t\n\t\t\t<div class=\"wrap-title\">\n\t\t\t\t<h3 class=\"wd-entities-title\">\n\t\t\t\t\t<a href=\"https:\/\/caveplus.es\/portfolio\/camara-de-maduracion-a-medida-para-restaurante-taberna-yberiko-en-palencia\/\" rel=\"bookmark\">C\u00e1mara de maduraci\u00f3n a medida para restaurante taberna Yberiko en Palencia<\/a>\n\t\t\t\t<\/h3>\n\t\t\t<\/div>\n\t\t<\/div>\n\t<\/header>\n<\/article>\n\t\t\t\t\t\t\t\t\n<article id=\"post-7801\" class=\"wd-project portfolio-entry wd-col masonry-item portfolio-hover-inverse proj-cat-bodegas-climatizadas post-7801 portfolio type-portfolio status-publish has-post-thumbnail hentry project-cat-bodegas-climatizadas\">\n\t<header class=\"entry-header\">\n\t\t\t\t\t<figure class=\"entry-thumbnail color-scheme-light\">\n\t\t\t\t<a href=\"https:\/\/caveplus.es\/portfolio\/bodega-climatizada-a-medida-en-vivienda-unifamiliar-en-pedralbes-barcelona\/\" class=\"portfolio-thumbnail\">\n\t\t\t\t\t<img width=\"800\" height=\"800\" src=\"data:image\/jpg;base64,\/9j\/4AAQSkZJRgABAQEAYABgAAD\/\/gA7Q1JFQVRPUjogZ2QtanBlZyB2MS4wICh1c2luZyBJSkcgSlBFRyB2NjIpLCBxdWFsaXR5ID0gODIK\/9sAQwAGBAQFBAQGBQUFBgYGBwkOCQkICAkSDQ0KDhUSFhYVEhQUFxohHBcYHxkUFB0nHR8iIyUlJRYcKSwoJCshJCUk\/9sAQwEGBgYJCAkRCQkRJBgUGCQkJCQkJCQkJCQkJCQkJCQkJCQkJCQkJCQkJCQkJCQkJCQkJCQkJCQkJCQkJCQkJCQk\/8AAEQgACgAKAwEiAAIRAQMRAf\/EAB8AAAEFAQEBAQEBAAAAAAAAAAABAgMEBQYHCAkKC\/\/EALUQAAIBAwMCBAMFBQQEAAABfQECAwAEEQUSITFBBhNRYQcicRQygZGhCCNCscEVUtHwJDNicoIJChYXGBkaJSYnKCkqNDU2Nzg5OkNERUZHSElKU1RVVldYWVpjZGVmZ2hpanN0dXZ3eHl6g4SFhoeIiYqSk5SVlpeYmZqio6Slpqeoqaqys7S1tre4ubrCw8TFxsfIycrS09TV1tfY2drh4uPk5ebn6Onq8fLz9PX29\/j5+v\/EAB8BAAMBAQEBAQEBAQEAAAAAAAABAgMEBQYHCAkKC\/\/EALURAAIBAgQEAwQHBQQEAAECdwABAgMRBAUhMQYSQVEHYXETIjKBCBRCkaGxwQkjM1LwFWJy0QoWJDThJfEXGBkaJicoKSo1Njc4OTpDREVGR0hJSlNUVVZXWFlaY2RlZmdoaWpzdHV2d3h5eoKDhIWGh4iJipKTlJWWl5iZmqKjpKWmp6ipqrKztLW2t7i5usLDxMXGx8jJytLT1NXW19jZ2uLj5OXm5+jp6vLz9PX29\/j5+v\/aAAwDAQACEQMRAD8A9AvRZahptxb27xNcMCkxkcneWGAM9\/mrnX\/t2F2js\/At3cWqHbDMuo7RIg+6wGOARg4qxN+70KN0+VvtCfMOD\/rFrrtIuJv7Jsv30n+oj\/iP90VhSUWtjerzRdlJn\/\/Z\" class=\"attachment-800x800 size-800x800 wd-lazy-load wd-lazy-fade\" alt=\"Bodega climatizada a medida en vivienda unifamiliar en Pedralbes (Barcelona) 3\" decoding=\"async\" srcset=\"\" sizes=\"(max-width: 800px) 100vw, 800px\" data-wood-src=\"https:\/\/caveplus.es\/wp-content\/uploads\/2025\/05\/Bodega-climatizada-a-medida-en-vivienda-unifamiliar-en-Pedralbes-Barcelona-3-800x800.jpg\" data-srcset=\"https:\/\/caveplus.es\/wp-content\/uploads\/2025\/05\/Bodega-climatizada-a-medida-en-vivienda-unifamiliar-en-Pedralbes-Barcelona-3-800x800.jpg 800w, https:\/\/caveplus.es\/wp-content\/uploads\/2025\/05\/Bodega-climatizada-a-medida-en-vivienda-unifamiliar-en-Pedralbes-Barcelona-3-150x150.jpg 150w, https:\/\/caveplus.es\/wp-content\/uploads\/2025\/05\/Bodega-climatizada-a-medida-en-vivienda-unifamiliar-en-Pedralbes-Barcelona-3-600x600.jpg 600w, https:\/\/caveplus.es\/wp-content\/uploads\/2025\/05\/Bodega-climatizada-a-medida-en-vivienda-unifamiliar-en-Pedralbes-Barcelona-3-700x700.jpg 700w, https:\/\/caveplus.es\/wp-content\/uploads\/2025\/05\/Bodega-climatizada-a-medida-en-vivienda-unifamiliar-en-Pedralbes-Barcelona-3-500x500.jpg 500w\" \/>\t\t\t\t<\/a>\n\t\t\t\t<div class=\"wd-portfolio-btns\">\n\t\t\t\t\t<div class=\"portfolio-enlarge wd-action-btn wd-style-icon wd-enlarge-icon\">\n\t\t\t\t\t\t<a href=\"https:\/\/caveplus.es\/wp-content\/uploads\/2025\/05\/Bodega-climatizada-a-medida-en-vivienda-unifamiliar-en-Pedralbes-Barcelona-3.jpg\" data-elementor-open-lightbox=\"no\">Ver en grande<\/a>\n\t\t\t\t\t<\/div>\n\t\t\t\t\t\t\t\t\t\t\t<div class=\"social-icons-wrapper wd-action-btn wd-style-icon wd-share-icon wd-tltp\">\n\t\t\t\t\t\t\t<a><\/a>\n\t\t\t\t\t\t\t<div class=\"tooltip left\">\n\t\t\t\t\t\t\t\t<div class=\"tooltip-arrow\"><\/div>\n\t\t\t\t\t\t\t\t<div class=\"tooltip-inner\">\n\t\t\t\t\t\t\t\t\t\t\t\t<div id=\"\" class=\" wd-social-icons  wd-style-default wd-size-small social-share wd-shape-circle color-scheme-light text-center\">\n\t\t\t\t\n\t\t\t\t\n\t\t\t\t\t\t\t\t\t<a rel=\"noopener noreferrer nofollow\" href=\"https:\/\/www.facebook.com\/sharer\/sharer.php?u=https:\/\/caveplus.es\/portfolio\/bodega-climatizada-a-medida-en-vivienda-unifamiliar-en-pedralbes-barcelona\/\" target=\"_blank\" class=\" wd-social-icon social-facebook\" aria-label=\"Enlace social Facebook\">\n\t\t\t\t\t\t<span class=\"wd-icon\"><\/span>\n\t\t\t\t\t\t\t\t\t\t\t<\/a>\n\t\t\t\t\n\t\t\t\t\n\t\t\t\t\t\t\t\t\t<a rel=\"noopener noreferrer nofollow\" href=\"mailto:?subject=Comprobar%20este%20https:\/\/caveplus.es\/portfolio\/bodega-climatizada-a-medida-en-vivienda-unifamiliar-en-pedralbes-barcelona\/\" target=\"_blank\" class=\" wd-social-icon social-email\" aria-label=\"Enlace social Email\">\n\t\t\t\t\t\t<span class=\"wd-icon\"><\/span>\n\t\t\t\t\t\t\t\t\t\t\t<\/a>\n\t\t\t\t\n\t\t\t\t\n\t\t\t\t\n\t\t\t\t\n\t\t\t\t\n\t\t\t\t\t\t\t\t\t<a rel=\"noopener noreferrer nofollow\" href=\"https:\/\/www.linkedin.com\/shareArticle?mini=true&url=https:\/\/caveplus.es\/portfolio\/bodega-climatizada-a-medida-en-vivienda-unifamiliar-en-pedralbes-barcelona\/\" target=\"_blank\" class=\" wd-social-icon social-linkedin\" aria-label=\"Enlace social Linkedin\">\n\t\t\t\t\t\t<span class=\"wd-icon\"><\/span>\n\t\t\t\t\t\t\t\t\t\t\t<\/a>\n\t\t\t\t\n\t\t\t\t\n\t\t\t\t\n\t\t\t\t\n\t\t\t\t\n\t\t\t\t\n\t\t\t\t\n\t\t\t\t\n\t\t\t\t\n\t\t\t\t\n\t\t\t\t\t\t\t\t\t<a rel=\"noopener noreferrer nofollow\" href=\"https:\/\/api.whatsapp.com\/send?text=https%3A%2F%2Fcaveplus.es%2Fportfolio%2Fbodega-climatizada-a-medida-en-vivienda-unifamiliar-en-pedralbes-barcelona%2F\" target=\"_blank\" class=\"wd-hide-md  wd-social-icon social-whatsapp\" aria-label=\"Enlace social WhatsApp\">\n\t\t\t\t\t\t<span class=\"wd-icon\"><\/span>\n\t\t\t\t\t\t\t\t\t\t\t<\/a>\n\n\t\t\t\t\t<a rel=\"noopener noreferrer nofollow\" href=\"whatsapp:\/\/send?text=https%3A%2F%2Fcaveplus.es%2Fportfolio%2Fbodega-climatizada-a-medida-en-vivienda-unifamiliar-en-pedralbes-barcelona%2F\" target=\"_blank\" class=\"wd-hide-lg  wd-social-icon social-whatsapp\" aria-label=\"Enlace social WhatsApp\">\n\t\t\t\t\t\t<span class=\"wd-icon\"><\/span>\n\t\t\t\t\t\t\t\t\t\t\t<\/a>\n\t\t\t\t\n\t\t\t\t\n\t\t\t\t\n\t\t\t\t\n\t\t\t\t\n\t\t\t\t\n\t\t\t\t\t\t\t\t\t<a rel=\"noopener noreferrer nofollow\" href=\"https:\/\/telegram.me\/share\/url?url=https:\/\/caveplus.es\/portfolio\/bodega-climatizada-a-medida-en-vivienda-unifamiliar-en-pedralbes-barcelona\/\" target=\"_blank\" class=\" wd-social-icon social-tg\" aria-label=\"Enlace social Telegram\">\n\t\t\t\t\t\t<span class=\"wd-icon\"><\/span>\n\t\t\t\t\t\t\t\t\t\t\t<\/a>\n\t\t\t\t\n\t\t\t\t\n\t\t\t<\/div>\n\n\t\t\t\t\t\t\t\t\t\t<\/div>\n\t\t\t\t\t\t\t<\/div>\n\t\t\t\t\t\t<\/div>\n\t\t\t\t\t\t\t\t\t<\/div>\n\t\t\t<\/figure>\n\t\t\n\t\t<div class=\"portfolio-info color-scheme-light\">\n\t\t\t\t\t\t\t<div class=\"wrap-meta\">\n\t\t\t\t\t<ul class=\"proj-cats-list\">\n\t\t\t\t\t\t\t\t\t\t\t\t\t\t\t\t\t\t\t\t<li>Bodegas climatizadas<\/li>\n\t\t\t\t\t\t\t\t\t\t\t<\/ul>\n\t\t\t\t<\/div>\n\t\t\t\n\t\t\t<div class=\"wrap-title\">\n\t\t\t\t<h3 class=\"wd-entities-title\">\n\t\t\t\t\t<a href=\"https:\/\/caveplus.es\/portfolio\/bodega-climatizada-a-medida-en-vivienda-unifamiliar-en-pedralbes-barcelona\/\" rel=\"bookmark\">Bodega climatizada a medida en vivienda unifamiliar en Pedralbes (Barcelona)<\/a>\n\t\t\t\t<\/h3>\n\t\t\t<\/div>\n\t\t<\/div>\n\t<\/header>\n<\/article>\n\t\t\t\t\t\t\t\t\n<article id=\"post-7794\" class=\"wd-project portfolio-entry wd-col masonry-item portfolio-hover-inverse proj-cat-bodegas-climatizadas post-7794 portfolio type-portfolio status-publish has-post-thumbnail hentry project-cat-bodegas-climatizadas\">\n\t<header class=\"entry-header\">\n\t\t\t\t\t<figure class=\"entry-thumbnail color-scheme-light\">\n\t\t\t\t<a href=\"https:\/\/caveplus.es\/portfolio\/bodega-climatizada-a-medida-en-hotel-palacio-solecio-malaga\/\" class=\"portfolio-thumbnail\">\n\t\t\t\t\t<img width=\"800\" height=\"800\" src=\"data:image\/jpg;base64,\/9j\/4AAQSkZJRgABAQEAYABgAAD\/\/gA7Q1JFQVRPUjogZ2QtanBlZyB2MS4wICh1c2luZyBJSkcgSlBFRyB2NjIpLCBxdWFsaXR5ID0gODIK\/9sAQwAGBAQFBAQGBQUFBgYGBwkOCQkICAkSDQ0KDhUSFhYVEhQUFxohHBcYHxkUFB0nHR8iIyUlJRYcKSwoJCshJCUk\/9sAQwEGBgYJCAkRCQkRJBgUGCQkJCQkJCQkJCQkJCQkJCQkJCQkJCQkJCQkJCQkJCQkJCQkJCQkJCQkJCQkJCQkJCQk\/8AAEQgACgAKAwEiAAIRAQMRAf\/EAB8AAAEFAQEBAQEBAAAAAAAAAAABAgMEBQYHCAkKC\/\/EALUQAAIBAwMCBAMFBQQEAAABfQECAwAEEQUSITFBBhNRYQcicRQygZGhCCNCscEVUtHwJDNicoIJChYXGBkaJSYnKCkqNDU2Nzg5OkNERUZHSElKU1RVVldYWVpjZGVmZ2hpanN0dXZ3eHl6g4SFhoeIiYqSk5SVlpeYmZqio6Slpqeoqaqys7S1tre4ubrCw8TFxsfIycrS09TV1tfY2drh4uPk5ebn6Onq8fLz9PX29\/j5+v\/EAB8BAAMBAQEBAQEBAQEAAAAAAAABAgMEBQYHCAkKC\/\/EALURAAIBAgQEAwQHBQQEAAECdwABAgMRBAUhMQYSQVEHYXETIjKBCBRCkaGxwQkjM1LwFWJy0QoWJDThJfEXGBkaJicoKSo1Njc4OTpDREVGR0hJSlNUVVZXWFlaY2RlZmdoaWpzdHV2d3h5eoKDhIWGh4iJipKTlJWWl5iZmqKjpKWmp6ipqrKztLW2t7i5usLDxMXGx8jJytLT1NXW19jZ2uLj5OXm5+jp6vLz9PX29\/j5+v\/aAAwDAQACEQMRAD8A5vxD4qlvNObdtzHqAkX5FGMfaD6c8GtLT4t9hbN0zEhwEHHArmNdRf7BX5V5dj077Ja7zR0U6RYkqP8Aj3j7f7IrzVJ2PQlFH\/\/Z\" class=\"attachment-800x800 size-800x800 wd-lazy-load wd-lazy-fade\" alt=\"Bodega climatizada a medida en Hotel Palacio Solecio (Ma\u0301laga) 6\" decoding=\"async\" loading=\"lazy\" srcset=\"\" sizes=\"auto, (max-width: 800px) 100vw, 800px\" data-wood-src=\"https:\/\/caveplus.es\/wp-content\/uploads\/2025\/05\/Bodega-climatizada-a-medida-en-Hotel-Palacio-Solecio-Malaga-6-800x800.jpg\" data-srcset=\"https:\/\/caveplus.es\/wp-content\/uploads\/2025\/05\/Bodega-climatizada-a-medida-en-Hotel-Palacio-Solecio-Malaga-6-800x800.jpg 800w, https:\/\/caveplus.es\/wp-content\/uploads\/2025\/05\/Bodega-climatizada-a-medida-en-Hotel-Palacio-Solecio-Malaga-6-150x150.jpg 150w, https:\/\/caveplus.es\/wp-content\/uploads\/2025\/05\/Bodega-climatizada-a-medida-en-Hotel-Palacio-Solecio-Malaga-6-600x600.jpg 600w, https:\/\/caveplus.es\/wp-content\/uploads\/2025\/05\/Bodega-climatizada-a-medida-en-Hotel-Palacio-Solecio-Malaga-6-700x700.jpg 700w, https:\/\/caveplus.es\/wp-content\/uploads\/2025\/05\/Bodega-climatizada-a-medida-en-Hotel-Palacio-Solecio-Malaga-6-500x500.jpg 500w\" \/>\t\t\t\t<\/a>\n\t\t\t\t<div class=\"wd-portfolio-btns\">\n\t\t\t\t\t<div class=\"portfolio-enlarge wd-action-btn wd-style-icon wd-enlarge-icon\">\n\t\t\t\t\t\t<a href=\"https:\/\/caveplus.es\/wp-content\/uploads\/2025\/05\/Bodega-climatizada-a-medida-en-Hotel-Palacio-Solecio-Malaga-6.jpg\" data-elementor-open-lightbox=\"no\">Ver en grande<\/a>\n\t\t\t\t\t<\/div>\n\t\t\t\t\t\t\t\t\t\t\t<div class=\"social-icons-wrapper wd-action-btn wd-style-icon wd-share-icon wd-tltp\">\n\t\t\t\t\t\t\t<a><\/a>\n\t\t\t\t\t\t\t<div class=\"tooltip left\">\n\t\t\t\t\t\t\t\t<div class=\"tooltip-arrow\"><\/div>\n\t\t\t\t\t\t\t\t<div class=\"tooltip-inner\">\n\t\t\t\t\t\t\t\t\t\t\t\t<div id=\"\" class=\" wd-social-icons  wd-style-default wd-size-small social-share wd-shape-circle color-scheme-light text-center\">\n\t\t\t\t\n\t\t\t\t\n\t\t\t\t\t\t\t\t\t<a rel=\"noopener noreferrer nofollow\" href=\"https:\/\/www.facebook.com\/sharer\/sharer.php?u=https:\/\/caveplus.es\/portfolio\/bodega-climatizada-a-medida-en-hotel-palacio-solecio-malaga\/\" target=\"_blank\" class=\" wd-social-icon social-facebook\" aria-label=\"Enlace social Facebook\">\n\t\t\t\t\t\t<span class=\"wd-icon\"><\/span>\n\t\t\t\t\t\t\t\t\t\t\t<\/a>\n\t\t\t\t\n\t\t\t\t\n\t\t\t\t\t\t\t\t\t<a rel=\"noopener noreferrer nofollow\" href=\"mailto:?subject=Comprobar%20este%20https:\/\/caveplus.es\/portfolio\/bodega-climatizada-a-medida-en-hotel-palacio-solecio-malaga\/\" target=\"_blank\" class=\" wd-social-icon social-email\" aria-label=\"Enlace social Email\">\n\t\t\t\t\t\t<span class=\"wd-icon\"><\/span>\n\t\t\t\t\t\t\t\t\t\t\t<\/a>\n\t\t\t\t\n\t\t\t\t\n\t\t\t\t\n\t\t\t\t\n\t\t\t\t\n\t\t\t\t\t\t\t\t\t<a rel=\"noopener noreferrer nofollow\" href=\"https:\/\/www.linkedin.com\/shareArticle?mini=true&url=https:\/\/caveplus.es\/portfolio\/bodega-climatizada-a-medida-en-hotel-palacio-solecio-malaga\/\" target=\"_blank\" class=\" wd-social-icon social-linkedin\" aria-label=\"Enlace social Linkedin\">\n\t\t\t\t\t\t<span class=\"wd-icon\"><\/span>\n\t\t\t\t\t\t\t\t\t\t\t<\/a>\n\t\t\t\t\n\t\t\t\t\n\t\t\t\t\n\t\t\t\t\n\t\t\t\t\n\t\t\t\t\n\t\t\t\t\n\t\t\t\t\n\t\t\t\t\n\t\t\t\t\n\t\t\t\t\t\t\t\t\t<a rel=\"noopener noreferrer nofollow\" href=\"https:\/\/api.whatsapp.com\/send?text=https%3A%2F%2Fcaveplus.es%2Fportfolio%2Fbodega-climatizada-a-medida-en-hotel-palacio-solecio-malaga%2F\" target=\"_blank\" class=\"wd-hide-md  wd-social-icon social-whatsapp\" aria-label=\"Enlace social WhatsApp\">\n\t\t\t\t\t\t<span class=\"wd-icon\"><\/span>\n\t\t\t\t\t\t\t\t\t\t\t<\/a>\n\n\t\t\t\t\t<a rel=\"noopener noreferrer nofollow\" href=\"whatsapp:\/\/send?text=https%3A%2F%2Fcaveplus.es%2Fportfolio%2Fbodega-climatizada-a-medida-en-hotel-palacio-solecio-malaga%2F\" target=\"_blank\" class=\"wd-hide-lg  wd-social-icon social-whatsapp\" aria-label=\"Enlace social WhatsApp\">\n\t\t\t\t\t\t<span class=\"wd-icon\"><\/span>\n\t\t\t\t\t\t\t\t\t\t\t<\/a>\n\t\t\t\t\n\t\t\t\t\n\t\t\t\t\n\t\t\t\t\n\t\t\t\t\n\t\t\t\t\n\t\t\t\t\t\t\t\t\t<a rel=\"noopener noreferrer nofollow\" href=\"https:\/\/telegram.me\/share\/url?url=https:\/\/caveplus.es\/portfolio\/bodega-climatizada-a-medida-en-hotel-palacio-solecio-malaga\/\" target=\"_blank\" class=\" wd-social-icon social-tg\" aria-label=\"Enlace social Telegram\">\n\t\t\t\t\t\t<span class=\"wd-icon\"><\/span>\n\t\t\t\t\t\t\t\t\t\t\t<\/a>\n\t\t\t\t\n\t\t\t\t\n\t\t\t<\/div>\n\n\t\t\t\t\t\t\t\t\t\t<\/div>\n\t\t\t\t\t\t\t<\/div>\n\t\t\t\t\t\t<\/div>\n\t\t\t\t\t\t\t\t\t<\/div>\n\t\t\t<\/figure>\n\t\t\n\t\t<div class=\"portfolio-info color-scheme-light\">\n\t\t\t\t\t\t\t<div class=\"wrap-meta\">\n\t\t\t\t\t<ul class=\"proj-cats-list\">\n\t\t\t\t\t\t\t\t\t\t\t\t\t\t\t\t\t\t\t\t<li>Bodegas climatizadas<\/li>\n\t\t\t\t\t\t\t\t\t\t\t<\/ul>\n\t\t\t\t<\/div>\n\t\t\t\n\t\t\t<div class=\"wrap-title\">\n\t\t\t\t<h3 class=\"wd-entities-title\">\n\t\t\t\t\t<a href=\"https:\/\/caveplus.es\/portfolio\/bodega-climatizada-a-medida-en-hotel-palacio-solecio-malaga\/\" rel=\"bookmark\">Bodega climatizada a medida en Hotel Palacio Solecio (Ma\u0301laga)<\/a>\n\t\t\t\t<\/h3>\n\t\t\t<\/div>\n\t\t<\/div>\n\t<\/header>\n<\/article>\n\t\t\t\t\t\t\t\t\n<article id=\"post-7744\" class=\"wd-project portfolio-entry wd-col masonry-item portfolio-hover-inverse proj-cat-bodegas-climatizadas post-7744 portfolio type-portfolio status-publish has-post-thumbnail hentry project-cat-bodegas-climatizadas\">\n\t<header class=\"entry-header\">\n\t\t\t\t\t<figure class=\"entry-thumbnail color-scheme-light\">\n\t\t\t\t<a href=\"https:\/\/caveplus.es\/portfolio\/bodega-climatizada-a-medida-en-restaurante-finca-la-desa-en-caceres\/\" class=\"portfolio-thumbnail\">\n\t\t\t\t\t<img width=\"800\" height=\"800\" src=\"data:image\/jpg;base64,\/9j\/4AAQSkZJRgABAQEAYABgAAD\/\/gA7Q1JFQVRPUjogZ2QtanBlZyB2MS4wICh1c2luZyBJSkcgSlBFRyB2NjIpLCBxdWFsaXR5ID0gODIK\/9sAQwAGBAQFBAQGBQUFBgYGBwkOCQkICAkSDQ0KDhUSFhYVEhQUFxohHBcYHxkUFB0nHR8iIyUlJRYcKSwoJCshJCUk\/9sAQwEGBgYJCAkRCQkRJBgUGCQkJCQkJCQkJCQkJCQkJCQkJCQkJCQkJCQkJCQkJCQkJCQkJCQkJCQkJCQkJCQkJCQk\/8AAEQgACgAKAwEiAAIRAQMRAf\/EAB8AAAEFAQEBAQEBAAAAAAAAAAABAgMEBQYHCAkKC\/\/EALUQAAIBAwMCBAMFBQQEAAABfQECAwAEEQUSITFBBhNRYQcicRQygZGhCCNCscEVUtHwJDNicoIJChYXGBkaJSYnKCkqNDU2Nzg5OkNERUZHSElKU1RVVldYWVpjZGVmZ2hpanN0dXZ3eHl6g4SFhoeIiYqSk5SVlpeYmZqio6Slpqeoqaqys7S1tre4ubrCw8TFxsfIycrS09TV1tfY2drh4uPk5ebn6Onq8fLz9PX29\/j5+v\/EAB8BAAMBAQEBAQEBAQEAAAAAAAABAgMEBQYHCAkKC\/\/EALURAAIBAgQEAwQHBQQEAAECdwABAgMRBAUhMQYSQVEHYXETIjKBCBRCkaGxwQkjM1LwFWJy0QoWJDThJfEXGBkaJicoKSo1Njc4OTpDREVGR0hJSlNUVVZXWFlaY2RlZmdoaWpzdHV2d3h5eoKDhIWGh4iJipKTlJWWl5iZmqKjpKWmp6ipqrKztLW2t7i5usLDxMXGx8jJytLT1NXW19jZ2uLj5OXm5+jp6vLz9PX29\/j5+v\/aAAwDAQACEQMRAD8A5jR\/BmnS6HqV5qNist0GYRYcP\/yzfGACR94LXJTaXbJNIq20YUMQP3Pv9KoamzfbFXcdodwBnjGen6mnu7B2+Y9fWvAnVk0rntqlFNn\/2Q==\" class=\"attachment-800x800 size-800x800 wd-lazy-load wd-lazy-fade\" alt=\"Espacio climatizado a medida en Restaurante Finca La Desa en Ca\u0301ceres 18\" decoding=\"async\" loading=\"lazy\" srcset=\"\" sizes=\"auto, (max-width: 800px) 100vw, 800px\" data-wood-src=\"https:\/\/caveplus.es\/wp-content\/uploads\/2025\/05\/Espacio-climatizado-a-medida-en-Restaurante-Finca-La-Desa-en-Caceres-18-800x800.jpg\" data-srcset=\"https:\/\/caveplus.es\/wp-content\/uploads\/2025\/05\/Espacio-climatizado-a-medida-en-Restaurante-Finca-La-Desa-en-Caceres-18-800x800.jpg 800w, https:\/\/caveplus.es\/wp-content\/uploads\/2025\/05\/Espacio-climatizado-a-medida-en-Restaurante-Finca-La-Desa-en-Caceres-18-150x150.jpg 150w, https:\/\/caveplus.es\/wp-content\/uploads\/2025\/05\/Espacio-climatizado-a-medida-en-Restaurante-Finca-La-Desa-en-Caceres-18-600x600.jpg 600w, https:\/\/caveplus.es\/wp-content\/uploads\/2025\/05\/Espacio-climatizado-a-medida-en-Restaurante-Finca-La-Desa-en-Caceres-18-700x700.jpg 700w, https:\/\/caveplus.es\/wp-content\/uploads\/2025\/05\/Espacio-climatizado-a-medida-en-Restaurante-Finca-La-Desa-en-Caceres-18-500x500.jpg 500w\" \/>\t\t\t\t<\/a>\n\t\t\t\t<div class=\"wd-portfolio-btns\">\n\t\t\t\t\t<div class=\"portfolio-enlarge wd-action-btn wd-style-icon wd-enlarge-icon\">\n\t\t\t\t\t\t<a href=\"https:\/\/caveplus.es\/wp-content\/uploads\/2025\/05\/Espacio-climatizado-a-medida-en-Restaurante-Finca-La-Desa-en-Caceres-18.jpg\" data-elementor-open-lightbox=\"no\">Ver en grande<\/a>\n\t\t\t\t\t<\/div>\n\t\t\t\t\t\t\t\t\t\t\t<div class=\"social-icons-wrapper wd-action-btn wd-style-icon wd-share-icon wd-tltp\">\n\t\t\t\t\t\t\t<a><\/a>\n\t\t\t\t\t\t\t<div class=\"tooltip left\">\n\t\t\t\t\t\t\t\t<div class=\"tooltip-arrow\"><\/div>\n\t\t\t\t\t\t\t\t<div class=\"tooltip-inner\">\n\t\t\t\t\t\t\t\t\t\t\t\t<div id=\"\" class=\" wd-social-icons  wd-style-default wd-size-small social-share wd-shape-circle color-scheme-light text-center\">\n\t\t\t\t\n\t\t\t\t\n\t\t\t\t\t\t\t\t\t<a rel=\"noopener noreferrer nofollow\" href=\"https:\/\/www.facebook.com\/sharer\/sharer.php?u=https:\/\/caveplus.es\/portfolio\/bodega-climatizada-a-medida-en-restaurante-finca-la-desa-en-caceres\/\" target=\"_blank\" class=\" wd-social-icon social-facebook\" aria-label=\"Enlace social Facebook\">\n\t\t\t\t\t\t<span class=\"wd-icon\"><\/span>\n\t\t\t\t\t\t\t\t\t\t\t<\/a>\n\t\t\t\t\n\t\t\t\t\n\t\t\t\t\t\t\t\t\t<a rel=\"noopener noreferrer nofollow\" href=\"mailto:?subject=Comprobar%20este%20https:\/\/caveplus.es\/portfolio\/bodega-climatizada-a-medida-en-restaurante-finca-la-desa-en-caceres\/\" target=\"_blank\" class=\" wd-social-icon social-email\" aria-label=\"Enlace social Email\">\n\t\t\t\t\t\t<span class=\"wd-icon\"><\/span>\n\t\t\t\t\t\t\t\t\t\t\t<\/a>\n\t\t\t\t\n\t\t\t\t\n\t\t\t\t\n\t\t\t\t\n\t\t\t\t\n\t\t\t\t\t\t\t\t\t<a rel=\"noopener noreferrer nofollow\" href=\"https:\/\/www.linkedin.com\/shareArticle?mini=true&url=https:\/\/caveplus.es\/portfolio\/bodega-climatizada-a-medida-en-restaurante-finca-la-desa-en-caceres\/\" target=\"_blank\" class=\" wd-social-icon social-linkedin\" aria-label=\"Enlace social Linkedin\">\n\t\t\t\t\t\t<span class=\"wd-icon\"><\/span>\n\t\t\t\t\t\t\t\t\t\t\t<\/a>\n\t\t\t\t\n\t\t\t\t\n\t\t\t\t\n\t\t\t\t\n\t\t\t\t\n\t\t\t\t\n\t\t\t\t\n\t\t\t\t\n\t\t\t\t\n\t\t\t\t\n\t\t\t\t\t\t\t\t\t<a rel=\"noopener noreferrer nofollow\" href=\"https:\/\/api.whatsapp.com\/send?text=https%3A%2F%2Fcaveplus.es%2Fportfolio%2Fbodega-climatizada-a-medida-en-restaurante-finca-la-desa-en-caceres%2F\" target=\"_blank\" class=\"wd-hide-md  wd-social-icon social-whatsapp\" aria-label=\"Enlace social WhatsApp\">\n\t\t\t\t\t\t<span class=\"wd-icon\"><\/span>\n\t\t\t\t\t\t\t\t\t\t\t<\/a>\n\n\t\t\t\t\t<a rel=\"noopener noreferrer nofollow\" href=\"whatsapp:\/\/send?text=https%3A%2F%2Fcaveplus.es%2Fportfolio%2Fbodega-climatizada-a-medida-en-restaurante-finca-la-desa-en-caceres%2F\" target=\"_blank\" class=\"wd-hide-lg  wd-social-icon social-whatsapp\" aria-label=\"Enlace social WhatsApp\">\n\t\t\t\t\t\t<span class=\"wd-icon\"><\/span>\n\t\t\t\t\t\t\t\t\t\t\t<\/a>\n\t\t\t\t\n\t\t\t\t\n\t\t\t\t\n\t\t\t\t\n\t\t\t\t\n\t\t\t\t\n\t\t\t\t\t\t\t\t\t<a rel=\"noopener noreferrer nofollow\" href=\"https:\/\/telegram.me\/share\/url?url=https:\/\/caveplus.es\/portfolio\/bodega-climatizada-a-medida-en-restaurante-finca-la-desa-en-caceres\/\" target=\"_blank\" class=\" wd-social-icon social-tg\" aria-label=\"Enlace social Telegram\">\n\t\t\t\t\t\t<span class=\"wd-icon\"><\/span>\n\t\t\t\t\t\t\t\t\t\t\t<\/a>\n\t\t\t\t\n\t\t\t\t\n\t\t\t<\/div>\n\n\t\t\t\t\t\t\t\t\t\t<\/div>\n\t\t\t\t\t\t\t<\/div>\n\t\t\t\t\t\t<\/div>\n\t\t\t\t\t\t\t\t\t<\/div>\n\t\t\t<\/figure>\n\t\t\n\t\t<div class=\"portfolio-info color-scheme-light\">\n\t\t\t\t\t\t\t<div class=\"wrap-meta\">\n\t\t\t\t\t<ul class=\"proj-cats-list\">\n\t\t\t\t\t\t\t\t\t\t\t\t\t\t\t\t\t\t\t\t<li>Bodegas climatizadas<\/li>\n\t\t\t\t\t\t\t\t\t\t\t<\/ul>\n\t\t\t\t<\/div>\n\t\t\t\n\t\t\t<div class=\"wrap-title\">\n\t\t\t\t<h3 class=\"wd-entities-title\">\n\t\t\t\t\t<a href=\"https:\/\/caveplus.es\/portfolio\/bodega-climatizada-a-medida-en-restaurante-finca-la-desa-en-caceres\/\" rel=\"bookmark\">Bodega climatizada a medida en Restaurante Finca La Desa en Ca\u0301ceres<\/a>\n\t\t\t\t<\/h3>\n\t\t\t<\/div>\n\t\t<\/div>\n\t<\/header>\n<\/article>\n\t\t\t\t\t\t\t\t\n<article id=\"post-7673\" class=\"wd-project portfolio-entry wd-col masonry-item portfolio-hover-inverse proj-cat-bodegas-climatizadas post-7673 portfolio type-portfolio status-publish has-post-thumbnail hentry project-cat-bodegas-climatizadas\">\n\t<header class=\"entry-header\">\n\t\t\t\t\t<figure class=\"entry-thumbnail color-scheme-light\">\n\t\t\t\t<a href=\"https:\/\/caveplus.es\/portfolio\/vinoteca-a-medida-para-restaurante-el-barranco-en-benidorm\/\" class=\"portfolio-thumbnail\">\n\t\t\t\t\t<img width=\"800\" height=\"800\" src=\"data:image\/jpg;base64,\/9j\/4AAQSkZJRgABAQEAYABgAAD\/\/gA7Q1JFQVRPUjogZ2QtanBlZyB2MS4wICh1c2luZyBJSkcgSlBFRyB2NjIpLCBxdWFsaXR5ID0gODIK\/9sAQwAGBAQFBAQGBQUFBgYGBwkOCQkICAkSDQ0KDhUSFhYVEhQUFxohHBcYHxkUFB0nHR8iIyUlJRYcKSwoJCshJCUk\/9sAQwEGBgYJCAkRCQkRJBgUGCQkJCQkJCQkJCQkJCQkJCQkJCQkJCQkJCQkJCQkJCQkJCQkJCQkJCQkJCQkJCQkJCQk\/8AAEQgACgAKAwEiAAIRAQMRAf\/EAB8AAAEFAQEBAQEBAAAAAAAAAAABAgMEBQYHCAkKC\/\/EALUQAAIBAwMCBAMFBQQEAAABfQECAwAEEQUSITFBBhNRYQcicRQygZGhCCNCscEVUtHwJDNicoIJChYXGBkaJSYnKCkqNDU2Nzg5OkNERUZHSElKU1RVVldYWVpjZGVmZ2hpanN0dXZ3eHl6g4SFhoeIiYqSk5SVlpeYmZqio6Slpqeoqaqys7S1tre4ubrCw8TFxsfIycrS09TV1tfY2drh4uPk5ebn6Onq8fLz9PX29\/j5+v\/EAB8BAAMBAQEBAQEBAQEAAAAAAAABAgMEBQYHCAkKC\/\/EALURAAIBAgQEAwQHBQQEAAECdwABAgMRBAUhMQYSQVEHYXETIjKBCBRCkaGxwQkjM1LwFWJy0QoWJDThJfEXGBkaJicoKSo1Njc4OTpDREVGR0hJSlNUVVZXWFlaY2RlZmdoaWpzdHV2d3h5eoKDhIWGh4iJipKTlJWWl5iZmqKjpKWmp6ipqrKztLW2t7i5usLDxMXGx8jJytLT1NXW19jZ2uLj5OXm5+jp6vLz9PX29\/j5+v\/aAAwDAQACEQMRAD8AxNTR5YtW2QG+ZzA6xrI7BU+XnAY46kZNbFtbWQtohLZhJAg3KbdhtOORivJL+5nEbKJpAvpuOKzvtt1\/z8zf99mvO+sX1seisP5n\/9k=\" class=\"attachment-800x800 size-800x800 wd-lazy-load wd-lazy-fade\" alt=\"Vinoteca a medida doble para restaurante El Barranco en Benidorm 5\" decoding=\"async\" loading=\"lazy\" srcset=\"\" sizes=\"auto, (max-width: 800px) 100vw, 800px\" data-wood-src=\"https:\/\/caveplus.es\/wp-content\/uploads\/2025\/05\/Vinoteca-a-medida-doble-para-restaurante-El-Barranco-en-Benidorm-5-800x800.jpg\" data-srcset=\"https:\/\/caveplus.es\/wp-content\/uploads\/2025\/05\/Vinoteca-a-medida-doble-para-restaurante-El-Barranco-en-Benidorm-5-800x800.jpg 800w, https:\/\/caveplus.es\/wp-content\/uploads\/2025\/05\/Vinoteca-a-medida-doble-para-restaurante-El-Barranco-en-Benidorm-5-150x150.jpg 150w, https:\/\/caveplus.es\/wp-content\/uploads\/2025\/05\/Vinoteca-a-medida-doble-para-restaurante-El-Barranco-en-Benidorm-5-600x600.jpg 600w, https:\/\/caveplus.es\/wp-content\/uploads\/2025\/05\/Vinoteca-a-medida-doble-para-restaurante-El-Barranco-en-Benidorm-5-700x700.jpg 700w, https:\/\/caveplus.es\/wp-content\/uploads\/2025\/05\/Vinoteca-a-medida-doble-para-restaurante-El-Barranco-en-Benidorm-5-500x500.jpg 500w\" \/>\t\t\t\t<\/a>\n\t\t\t\t<div class=\"wd-portfolio-btns\">\n\t\t\t\t\t<div class=\"portfolio-enlarge wd-action-btn wd-style-icon wd-enlarge-icon\">\n\t\t\t\t\t\t<a href=\"https:\/\/caveplus.es\/wp-content\/uploads\/2025\/05\/Vinoteca-a-medida-doble-para-restaurante-El-Barranco-en-Benidorm-5.jpg\" data-elementor-open-lightbox=\"no\">Ver en grande<\/a>\n\t\t\t\t\t<\/div>\n\t\t\t\t\t\t\t\t\t\t\t<div class=\"social-icons-wrapper wd-action-btn wd-style-icon wd-share-icon wd-tltp\">\n\t\t\t\t\t\t\t<a><\/a>\n\t\t\t\t\t\t\t<div class=\"tooltip left\">\n\t\t\t\t\t\t\t\t<div class=\"tooltip-arrow\"><\/div>\n\t\t\t\t\t\t\t\t<div class=\"tooltip-inner\">\n\t\t\t\t\t\t\t\t\t\t\t\t<div id=\"\" class=\" wd-social-icons  wd-style-default wd-size-small social-share wd-shape-circle color-scheme-light text-center\">\n\t\t\t\t\n\t\t\t\t\n\t\t\t\t\t\t\t\t\t<a rel=\"noopener noreferrer nofollow\" href=\"https:\/\/www.facebook.com\/sharer\/sharer.php?u=https:\/\/caveplus.es\/portfolio\/vinoteca-a-medida-para-restaurante-el-barranco-en-benidorm\/\" target=\"_blank\" class=\" wd-social-icon social-facebook\" aria-label=\"Enlace social Facebook\">\n\t\t\t\t\t\t<span class=\"wd-icon\"><\/span>\n\t\t\t\t\t\t\t\t\t\t\t<\/a>\n\t\t\t\t\n\t\t\t\t\n\t\t\t\t\t\t\t\t\t<a rel=\"noopener noreferrer nofollow\" href=\"mailto:?subject=Comprobar%20este%20https:\/\/caveplus.es\/portfolio\/vinoteca-a-medida-para-restaurante-el-barranco-en-benidorm\/\" target=\"_blank\" class=\" wd-social-icon social-email\" aria-label=\"Enlace social Email\">\n\t\t\t\t\t\t<span class=\"wd-icon\"><\/span>\n\t\t\t\t\t\t\t\t\t\t\t<\/a>\n\t\t\t\t\n\t\t\t\t\n\t\t\t\t\n\t\t\t\t\n\t\t\t\t\n\t\t\t\t\t\t\t\t\t<a rel=\"noopener noreferrer nofollow\" href=\"https:\/\/www.linkedin.com\/shareArticle?mini=true&url=https:\/\/caveplus.es\/portfolio\/vinoteca-a-medida-para-restaurante-el-barranco-en-benidorm\/\" target=\"_blank\" class=\" wd-social-icon social-linkedin\" aria-label=\"Enlace social Linkedin\">\n\t\t\t\t\t\t<span class=\"wd-icon\"><\/span>\n\t\t\t\t\t\t\t\t\t\t\t<\/a>\n\t\t\t\t\n\t\t\t\t\n\t\t\t\t\n\t\t\t\t\n\t\t\t\t\n\t\t\t\t\n\t\t\t\t\n\t\t\t\t\n\t\t\t\t\n\t\t\t\t\n\t\t\t\t\t\t\t\t\t<a rel=\"noopener noreferrer nofollow\" href=\"https:\/\/api.whatsapp.com\/send?text=https%3A%2F%2Fcaveplus.es%2Fportfolio%2Fvinoteca-a-medida-para-restaurante-el-barranco-en-benidorm%2F\" target=\"_blank\" class=\"wd-hide-md  wd-social-icon social-whatsapp\" aria-label=\"Enlace social WhatsApp\">\n\t\t\t\t\t\t<span class=\"wd-icon\"><\/span>\n\t\t\t\t\t\t\t\t\t\t\t<\/a>\n\n\t\t\t\t\t<a rel=\"noopener noreferrer nofollow\" href=\"whatsapp:\/\/send?text=https%3A%2F%2Fcaveplus.es%2Fportfolio%2Fvinoteca-a-medida-para-restaurante-el-barranco-en-benidorm%2F\" target=\"_blank\" class=\"wd-hide-lg  wd-social-icon social-whatsapp\" aria-label=\"Enlace social WhatsApp\">\n\t\t\t\t\t\t<span class=\"wd-icon\"><\/span>\n\t\t\t\t\t\t\t\t\t\t\t<\/a>\n\t\t\t\t\n\t\t\t\t\n\t\t\t\t\n\t\t\t\t\n\t\t\t\t\n\t\t\t\t\n\t\t\t\t\t\t\t\t\t<a rel=\"noopener noreferrer nofollow\" href=\"https:\/\/telegram.me\/share\/url?url=https:\/\/caveplus.es\/portfolio\/vinoteca-a-medida-para-restaurante-el-barranco-en-benidorm\/\" target=\"_blank\" class=\" wd-social-icon social-tg\" aria-label=\"Enlace social Telegram\">\n\t\t\t\t\t\t<span class=\"wd-icon\"><\/span>\n\t\t\t\t\t\t\t\t\t\t\t<\/a>\n\t\t\t\t\n\t\t\t\t\n\t\t\t<\/div>\n\n\t\t\t\t\t\t\t\t\t\t<\/div>\n\t\t\t\t\t\t\t<\/div>\n\t\t\t\t\t\t<\/div>\n\t\t\t\t\t\t\t\t\t<\/div>\n\t\t\t<\/figure>\n\t\t\n\t\t<div class=\"portfolio-info color-scheme-light\">\n\t\t\t\t\t\t\t<div class=\"wrap-meta\">\n\t\t\t\t\t<ul class=\"proj-cats-list\">\n\t\t\t\t\t\t\t\t\t\t\t\t\t\t\t\t\t\t\t\t<li>Bodegas climatizadas<\/li>\n\t\t\t\t\t\t\t\t\t\t\t<\/ul>\n\t\t\t\t<\/div>\n\t\t\t\n\t\t\t<div class=\"wrap-title\">\n\t\t\t\t<h3 class=\"wd-entities-title\">\n\t\t\t\t\t<a href=\"https:\/\/caveplus.es\/portfolio\/vinoteca-a-medida-para-restaurante-el-barranco-en-benidorm\/\" rel=\"bookmark\">Vinoteca a medida para restaurante El Barranco en Benidorm<\/a>\n\t\t\t\t<\/h3>\n\t\t\t<\/div>\n\t\t<\/div>\n\t<\/header>\n<\/article>\n\t\t\t\t\t\t\t\t\n<article id=\"post-7425\" class=\"wd-project portfolio-entry wd-col masonry-item portfolio-hover-inverse proj-cat-bodegas-climatizadas proj-cat-espacios-climatizados post-7425 portfolio type-portfolio status-publish has-post-thumbnail hentry project-cat-bodegas-climatizadas project-cat-espacios-climatizados\">\n\t<header class=\"entry-header\">\n\t\t\t\t\t<figure class=\"entry-thumbnail color-scheme-light\">\n\t\t\t\t<a href=\"https:\/\/caveplus.es\/portfolio\/espacio-climatizado-para-vivienda-particular-en-salon\/\" class=\"portfolio-thumbnail\">\n\t\t\t\t\t<img width=\"800\" height=\"480\" src=\"data:image\/webp;base64,UklGRpQAAABXRUJQVlA4IIgAAABwAgCdASoKAAoAAQAaJbACdLoAAslLNygpcFOAAP73bYWDP6ud9BxKh1fm4acD\/KlCCYVJvy9goOZ89vdzfNgekoUsofYYlDyWpNwyrLOTTZWY9NpvjvoSh\/6WemzoM5QburIP2\/2Zz8KhhvPZ+Kdpe50ZxCe\/X5b+2fJRPydfWw0ur6fHAAAA\" class=\"attachment-800x800 size-800x800 wd-lazy-load wd-lazy-fade\" alt=\"Vinoteca a medida y bodega climatizada en vivienda particular salon\" decoding=\"async\" loading=\"lazy\" srcset=\"\" sizes=\"auto, (max-width: 800px) 100vw, 800px\" data-wood-src=\"https:\/\/caveplus.es\/wp-content\/uploads\/2024\/05\/Vinoteca-a-medida-y-bodega-climatizada-en-vivienda-particular-salon.webp\" data-srcset=\"https:\/\/caveplus.es\/wp-content\/uploads\/2024\/05\/Vinoteca-a-medida-y-bodega-climatizada-en-vivienda-particular-salon.webp 1080w, https:\/\/caveplus.es\/wp-content\/uploads\/2024\/05\/Vinoteca-a-medida-y-bodega-climatizada-en-vivienda-particular-salon-300x180.webp 300w, https:\/\/caveplus.es\/wp-content\/uploads\/2024\/05\/Vinoteca-a-medida-y-bodega-climatizada-en-vivienda-particular-salon-1024x614.webp 1024w, https:\/\/caveplus.es\/wp-content\/uploads\/2024\/05\/Vinoteca-a-medida-y-bodega-climatizada-en-vivienda-particular-salon-768x461.webp 768w, https:\/\/caveplus.es\/wp-content\/uploads\/2024\/05\/Vinoteca-a-medida-y-bodega-climatizada-en-vivienda-particular-salon-920x552.webp 920w, https:\/\/caveplus.es\/wp-content\/uploads\/2024\/05\/Vinoteca-a-medida-y-bodega-climatizada-en-vivienda-particular-salon-150x90.webp 150w, https:\/\/caveplus.es\/wp-content\/uploads\/2024\/05\/Vinoteca-a-medida-y-bodega-climatizada-en-vivienda-particular-salon-100x60.webp 100w\" \/>\t\t\t\t<\/a>\n\t\t\t\t<div class=\"wd-portfolio-btns\">\n\t\t\t\t\t<div class=\"portfolio-enlarge wd-action-btn wd-style-icon wd-enlarge-icon\">\n\t\t\t\t\t\t<a href=\"https:\/\/caveplus.es\/wp-content\/uploads\/2024\/05\/Vinoteca-a-medida-y-bodega-climatizada-en-vivienda-particular-salon.webp\" data-elementor-open-lightbox=\"no\">Ver en grande<\/a>\n\t\t\t\t\t<\/div>\n\t\t\t\t\t\t\t\t\t\t\t<div class=\"social-icons-wrapper wd-action-btn wd-style-icon wd-share-icon wd-tltp\">\n\t\t\t\t\t\t\t<a><\/a>\n\t\t\t\t\t\t\t<div class=\"tooltip left\">\n\t\t\t\t\t\t\t\t<div class=\"tooltip-arrow\"><\/div>\n\t\t\t\t\t\t\t\t<div class=\"tooltip-inner\">\n\t\t\t\t\t\t\t\t\t\t\t\t<div id=\"\" class=\" wd-social-icons  wd-style-default wd-size-small social-share wd-shape-circle color-scheme-light text-center\">\n\t\t\t\t\n\t\t\t\t\n\t\t\t\t\t\t\t\t\t<a rel=\"noopener noreferrer nofollow\" href=\"https:\/\/www.facebook.com\/sharer\/sharer.php?u=https:\/\/caveplus.es\/portfolio\/espacio-climatizado-para-vivienda-particular-en-salon\/\" target=\"_blank\" class=\" wd-social-icon social-facebook\" aria-label=\"Enlace social Facebook\">\n\t\t\t\t\t\t<span class=\"wd-icon\"><\/span>\n\t\t\t\t\t\t\t\t\t\t\t<\/a>\n\t\t\t\t\n\t\t\t\t\n\t\t\t\t\t\t\t\t\t<a rel=\"noopener noreferrer nofollow\" href=\"mailto:?subject=Comprobar%20este%20https:\/\/caveplus.es\/portfolio\/espacio-climatizado-para-vivienda-particular-en-salon\/\" target=\"_blank\" class=\" wd-social-icon social-email\" aria-label=\"Enlace social Email\">\n\t\t\t\t\t\t<span class=\"wd-icon\"><\/span>\n\t\t\t\t\t\t\t\t\t\t\t<\/a>\n\t\t\t\t\n\t\t\t\t\n\t\t\t\t\n\t\t\t\t\n\t\t\t\t\n\t\t\t\t\t\t\t\t\t<a rel=\"noopener noreferrer nofollow\" href=\"https:\/\/www.linkedin.com\/shareArticle?mini=true&url=https:\/\/caveplus.es\/portfolio\/espacio-climatizado-para-vivienda-particular-en-salon\/\" target=\"_blank\" class=\" wd-social-icon social-linkedin\" aria-label=\"Enlace social Linkedin\">\n\t\t\t\t\t\t<span class=\"wd-icon\"><\/span>\n\t\t\t\t\t\t\t\t\t\t\t<\/a>\n\t\t\t\t\n\t\t\t\t\n\t\t\t\t\n\t\t\t\t\n\t\t\t\t\n\t\t\t\t\n\t\t\t\t\n\t\t\t\t\n\t\t\t\t\n\t\t\t\t\n\t\t\t\t\t\t\t\t\t<a rel=\"noopener noreferrer nofollow\" href=\"https:\/\/api.whatsapp.com\/send?text=https%3A%2F%2Fcaveplus.es%2Fportfolio%2Fespacio-climatizado-para-vivienda-particular-en-salon%2F\" target=\"_blank\" class=\"wd-hide-md  wd-social-icon social-whatsapp\" aria-label=\"Enlace social WhatsApp\">\n\t\t\t\t\t\t<span class=\"wd-icon\"><\/span>\n\t\t\t\t\t\t\t\t\t\t\t<\/a>\n\n\t\t\t\t\t<a rel=\"noopener noreferrer nofollow\" href=\"whatsapp:\/\/send?text=https%3A%2F%2Fcaveplus.es%2Fportfolio%2Fespacio-climatizado-para-vivienda-particular-en-salon%2F\" target=\"_blank\" class=\"wd-hide-lg  wd-social-icon social-whatsapp\" aria-label=\"Enlace social WhatsApp\">\n\t\t\t\t\t\t<span class=\"wd-icon\"><\/span>\n\t\t\t\t\t\t\t\t\t\t\t<\/a>\n\t\t\t\t\n\t\t\t\t\n\t\t\t\t\n\t\t\t\t\n\t\t\t\t\n\t\t\t\t\n\t\t\t\t\t\t\t\t\t<a rel=\"noopener noreferrer nofollow\" href=\"https:\/\/telegram.me\/share\/url?url=https:\/\/caveplus.es\/portfolio\/espacio-climatizado-para-vivienda-particular-en-salon\/\" target=\"_blank\" class=\" wd-social-icon social-tg\" aria-label=\"Enlace social Telegram\">\n\t\t\t\t\t\t<span class=\"wd-icon\"><\/span>\n\t\t\t\t\t\t\t\t\t\t\t<\/a>\n\t\t\t\t\n\t\t\t\t\n\t\t\t<\/div>\n\n\t\t\t\t\t\t\t\t\t\t<\/div>\n\t\t\t\t\t\t\t<\/div>\n\t\t\t\t\t\t<\/div>\n\t\t\t\t\t\t\t\t\t<\/div>\n\t\t\t<\/figure>\n\t\t\n\t\t<div class=\"portfolio-info color-scheme-light\">\n\t\t\t\t\t\t\t<div class=\"wrap-meta\">\n\t\t\t\t\t<ul class=\"proj-cats-list\">\n\t\t\t\t\t\t\t\t\t\t\t\t\t\t\t\t\t\t\t\t<li>Bodegas climatizadas<\/li>\n\t\t\t\t\t\t\t\t\t\t\t\t\t\t\t\t\t\t\t\t<li>Espacios climatizados<\/li>\n\t\t\t\t\t\t\t\t\t\t\t<\/ul>\n\t\t\t\t<\/div>\n\t\t\t\n\t\t\t<div class=\"wrap-title\">\n\t\t\t\t<h3 class=\"wd-entities-title\">\n\t\t\t\t\t<a href=\"https:\/\/caveplus.es\/portfolio\/espacio-climatizado-para-vivienda-particular-en-salon\/\" rel=\"bookmark\">Espacio climatizado para vivienda particular en salon<\/a>\n\t\t\t\t<\/h3>\n\t\t\t<\/div>\n\t\t<\/div>\n\t<\/header>\n<\/article>\n\t\t\n\t\t\n\t\t\n\t\t\t\t\t","status":"no-more-posts","nextPage":"?woo_ajax=1","currentPage":"https:\/\/caveplus.es\/project-cat\/bodegas-climatizadas\/page\/2"}